{"id":261532,"date":"2025-07-31T09:39:04","date_gmt":"2025-07-31T08:39:04","guid":{"rendered":"https:\/\/yellowcabtttours.pt\/?p=261532"},"modified":"2025-08-14T16:13:33","modified_gmt":"2025-08-14T15:13:33","slug":"2nd-edition-of-wine-destination-portugal-to-take-place-in-lisbon-from-november-10-to-15","status":"publish","type":"post","link":"https:\/\/yellowcabtttours.pt\/pt\/2nd-edition-of-wine-destination-portugal-to-take-place-in-lisbon-from-november-10-to-15\/","title":{"rendered":"2nd Edition of Wine Destination Portugal to Take Place in Lisbon from November 10 to 15"},"content":{"rendered":"\t\t<div data-elementor-type=\"wp-post\" data-elementor-id=\"261532\" class=\"elementor elementor-261532\" data-elementor-post-type=\"post\">\n\t\t\t\t\t\t<section class=\"elementor-section elementor-top-section elementor-element elementor-element-64c70d98 elementor-section-boxed elementor-section-height-default elementor-section-height-default\" data-id=\"64c70d98\" data-element_type=\"section\" data-e-type=\"section\">\n\t\t\t\t\t\t<div class=\"elementor-container elementor-column-gap-no\">\n\t\t\t\t\t<div class=\"elementor-column elementor-col-100 elementor-top-column elementor-element elementor-element-3d60e82e\" data-id=\"3d60e82e\" data-element_type=\"column\" data-e-type=\"column\">\n\t\t\t<div class=\"elementor-widget-wrap elementor-element-populated\">\n\t\t\t\t\t\t<div class=\"elementor-element elementor-element-8f72ec8 elementor-widget elementor-widget-text-editor\" data-id=\"8f72ec8\" data-element_type=\"widget\" data-e-type=\"widget\" data-widget_type=\"text-editor.default\">\n\t\t\t\t<div class=\"elementor-widget-container\">\n\t\t\t\t\t\t\t\t\t<article class=\"text-token-text-primary w-full\" dir=\"auto\" data-testid=\"conversation-turn-20\" data-scroll-anchor=\"false\"><div class=\"text-base my-auto mx-auto py-5 [--thread-content-margin:--spacing(4)] @[37rem]:[--thread-content-margin:--spacing(6)] @[72rem]:[--thread-content-margin:--spacing(16)] px-(--thread-content-margin)\"><div class=\"[--thread-content-max-width:32rem] @[34rem]:[--thread-content-max-width:40rem] @[64rem]:[--thread-content-max-width:48rem] mx-auto flex max-w-(--thread-content-max-width) flex-1 text-base gap-4 md:gap-5 lg:gap-6 group\/turn-messages focus-visible:outline-hidden\" tabindex=\"-1\"><div class=\"group\/conversation-turn relative flex w-full min-w-0 flex-col agent-turn\"><div class=\"relative flex-col gap-1 md:gap-3\"><div class=\"flex max-w-full flex-col grow\"><div class=\"min-h-8 text-message relative flex w-full flex-col items-end gap-2 text-start break-words whitespace-normal [.text-message+&amp;]:mt-5\" dir=\"auto\" data-message-author-role=\"assistant\" data-message-id=\"eca22ee7-8de9-41a3-92bc-9519dbf1600e\" data-message-model-slug=\"gpt-4o\"><div class=\"flex w-full flex-col gap-1 empty:hidden first:pt-[3px]\"><div class=\"markdown prose dark:prose-invert w-full break-words dark\"><p data-start=\"93\" data-end=\"434\">This initiative, which combines networking with immersive experiences, aims to highlight Portugal\u2019s potential as a top wine tourism destination.<\/p><p data-start=\"436\" data-end=\"761\">The inaugural edition took place in Alentejo, a region with a strong winemaking tradition, while the upcoming edition is scheduled for Lisbon from November 10 to 15. The focus will be not only on the diversity of the country\u2019s wine heritage but also on promoting the surrounding regions as emerging wine tourism destinations.<\/p><p data-start=\"763\" data-end=\"1117\">A standout feature of the event is the <strong data-start=\"802\" data-end=\"827\">&#8220;Uncorking fam tours&#8221;<\/strong> \u2014 exclusive experiences designed for international tour operators, offering direct contact with the authenticity of each region and its wine-related offerings. The goal is to promote the uniqueness of each territory and strengthen Portugal\u2019s position on the international wine tourism map.<\/p><p data-start=\"1119\" data-end=\"1403\">The previous edition hosted 30 tour operators from key markets such as Brazil, the USA, the UK, Poland, Spain, and Dubai. These professionals visited top wine projects in Alentejo, including Malhadinha Nova, Torre de Palma, L\u2019AND Vineyards, and several units from the Vila Gal\u00e9 group.<\/p><p data-start=\"1405\" data-end=\"1790\" data-is-last-node=\"\" data-is-only-node=\"\">For 2025, a new group of selected tour operators is expected. The event will be based at <strong data-start=\"1494\" data-end=\"1520\">Hotel Dolce Campo Real<\/strong> in Torres Vedras, with visits planned to the wine regions of Lisbon, Set\u00fabal, and Tejo. The program will also include networking sessions at iconic venues like Adega M\u00e3e and Quinta da Boa Esperan\u00e7a, where participants can enjoy authentic and memorable wine experiences.<\/p><\/div><\/div><\/div><\/div><\/div><\/div><\/div><\/div><\/article>\t\t\t\t\t\t\t\t<\/div>\n\t\t\t\t<\/div>\n\t\t\t\t<div class=\"elementor-element elementor-element-e80a439 elementor-widget elementor-widget-spacer\" data-id=\"e80a439\" data-element_type=\"widget\" data-e-type=\"widget\" data-widget_type=\"spacer.default\">\n\t\t\t\t<div class=\"elementor-widget-container\">\n\t\t\t\t\t\t\t<div class=\"elementor-spacer\">\n\t\t\t<div class=\"elementor-spacer-inner\"><\/div>\n\t\t<\/div>\n\t\t\t\t\t\t<\/div>\n\t\t\t\t<\/div>\n\t\t\t\t<div class=\"elementor-element elementor-element-33a21e6 elementor-widget elementor-widget-heading\" data-id=\"33a21e6\" data-element_type=\"widget\" data-e-type=\"widget\" data-widget_type=\"heading.default\">\n\t\t\t\t<div class=\"elementor-widget-container\">\n\t\t\t\t\t<h2 class=\"elementor-heading-title elementor-size-default\">Check our wine tours<\/h2>\t\t\t\t<\/div>\n\t\t\t\t<\/div>\n\t\t\t\t\t<\/div>\n\t\t<\/div>\n\t\t\t\t\t<\/div>\n\t\t<\/section>\n\t\t<div class=\"elementor-element elementor-element-ce0e69d e-con-full e-flex e-con e-parent\" data-id=\"ce0e69d\" data-element_type=\"container\" data-e-type=\"container\">\n\t\t<div class=\"elementor-element elementor-element-4f92718 e-con-full e-flex e-con e-child\" data-id=\"4f92718\" data-element_type=\"container\" data-e-type=\"container\">\n\t\t<div class=\"elementor-element elementor-element-ea086c2 e-con-full scale e-flex e-con e-child\" data-id=\"ea086c2\" data-element_type=\"container\" data-e-type=\"container\" data-settings=\"{&quot;background_background&quot;:&quot;classic&quot;}\">\n\t\t\t\t<div class=\"elementor-element elementor-element-9297646 elementor-widget elementor-widget-heading\" data-id=\"9297646\" data-element_type=\"widget\" data-e-type=\"widget\" data-widget_type=\"heading.default\">\n\t\t\t\t<div class=\"elementor-widget-container\">\n\t\t\t\t\t<h2 class=\"elementor-heading-title elementor-size-default\">Arr\u00e1bida <br>Wine &amp; Tile<\/h2>\t\t\t\t<\/div>\n\t\t\t\t<\/div>\n\t\t\t\t<div class=\"elementor-element elementor-element-33e7b29 elementor-widget elementor-widget-image\" data-id=\"33e7b29\" data-element_type=\"widget\" data-e-type=\"widget\" data-widget_type=\"image.default\">\n\t\t\t\t<div class=\"elementor-widget-container\">\n\t\t\t\t\t\t\t\t\t\t\t\t\t\t\t\t<a href=\"https:\/\/yellowcabtttours.pt\/pt\/private-tours\/arrabida-wine-tour\/\">\n\t\t\t\t\t\t\t<img fetchpriority=\"high\" decoding=\"async\" width=\"800\" height=\"600\" src=\"https:\/\/yellowcabtttours.pt\/wp-content\/uploads\/Untitled-800-x-600-px.webp\" class=\"attachment-full size-full wp-image-257325\" alt=\"Wine Tours\" srcset=\"https:\/\/yellowcabtttours.pt\/wp-content\/uploads\/Untitled-800-x-600-px.webp 800w, https:\/\/yellowcabtttours.pt\/wp-content\/uploads\/Untitled-800-x-600-px-600x450.webp 600w, https:\/\/yellowcabtttours.pt\/wp-content\/uploads\/Untitled-800-x-600-px-300x225.webp 300w, https:\/\/yellowcabtttours.pt\/wp-content\/uploads\/Untitled-800-x-600-px-768x576.webp 768w\" sizes=\"(max-width: 800px) 100vw, 800px\" \/>\t\t\t\t\t\t\t\t<\/a>\n\t\t\t\t\t\t\t\t\t\t\t\t\t\t\t<\/div>\n\t\t\t\t<\/div>\n\t\t<div class=\"elementor-element elementor-element-e7e2ce8 e-con-full e-flex e-con e-child\" data-id=\"e7e2ce8\" data-element_type=\"container\" data-e-type=\"container\" data-settings=\"{&quot;background_background&quot;:&quot;classic&quot;}\">\n\t\t\t\t<div class=\"elementor-element elementor-element-48a881c elementor-align-center elementor-widget elementor-widget-button\" data-id=\"48a881c\" data-element_type=\"widget\" data-e-type=\"widget\" data-widget_type=\"button.default\">\n\t\t\t\t<div class=\"elementor-widget-container\">\n\t\t\t\t\t\t\t\t\t<div class=\"elementor-button-wrapper\">\n\t\t\t\t\t<a class=\"elementor-button elementor-button-link elementor-size-sm\" href=\"https:\/\/yellowcabtttours.pt\/arrabida-wine-tour\/\">\n\t\t\t\t\t\t<span class=\"elementor-button-content-wrapper\">\n\t\t\t\t\t\t\t\t\t<span class=\"elementor-button-text\">More Informations<\/span>\n\t\t\t\t\t<\/span>\n\t\t\t\t\t<\/a>\n\t\t\t\t<\/div>\n\t\t\t\t\t\t\t\t<\/div>\n\t\t\t\t<\/div>\n\t\t\t\t<\/div>\n\t\t\t\t<\/div>\n\t\t<div class=\"elementor-element elementor-element-2157711 e-con-full scale e-flex e-con e-child\" data-id=\"2157711\" data-element_type=\"container\" data-e-type=\"container\" data-settings=\"{&quot;background_background&quot;:&quot;classic&quot;}\">\n\t\t\t\t<div class=\"elementor-element elementor-element-d3547f7 elementor-widget elementor-widget-heading\" data-id=\"d3547f7\" data-element_type=\"widget\" data-e-type=\"widget\" data-widget_type=\"heading.default\">\n\t\t\t\t<div class=\"elementor-widget-container\">\n\t\t\t\t\t<h2 class=\"elementor-heading-title elementor-size-default\">Arr\u00e1bida Wine \nPhoto Panoramic<\/h2>\t\t\t\t<\/div>\n\t\t\t\t<\/div>\n\t\t\t\t<div class=\"elementor-element elementor-element-b6ac4c8 elementor-widget elementor-widget-image\" data-id=\"b6ac4c8\" data-element_type=\"widget\" data-e-type=\"widget\" data-widget_type=\"image.default\">\n\t\t\t\t<div class=\"elementor-widget-container\">\n\t\t\t\t\t\t\t\t\t\t\t\t\t\t\t\t<a href=\"https:\/\/yellowcabtttours.pt\/pt\/?page_id=248088\">\n\t\t\t\t\t\t\t<img decoding=\"async\" width=\"800\" height=\"600\" src=\"https:\/\/yellowcabtttours.pt\/wp-content\/uploads\/Untitled-800-x-600-px-2.webp\" class=\"attachment-full size-full wp-image-257328\" alt=\"Wine Tours\" srcset=\"https:\/\/yellowcabtttours.pt\/wp-content\/uploads\/Untitled-800-x-600-px-2.webp 800w, https:\/\/yellowcabtttours.pt\/wp-content\/uploads\/Untitled-800-x-600-px-2-600x450.webp 600w, https:\/\/yellowcabtttours.pt\/wp-content\/uploads\/Untitled-800-x-600-px-2-300x225.webp 300w, https:\/\/yellowcabtttours.pt\/wp-content\/uploads\/Untitled-800-x-600-px-2-768x576.webp 768w\" sizes=\"(max-width: 800px) 100vw, 800px\" \/>\t\t\t\t\t\t\t\t<\/a>\n\t\t\t\t\t\t\t\t\t\t\t\t\t\t\t<\/div>\n\t\t\t\t<\/div>\n\t\t<div class=\"elementor-element elementor-element-cced035 e-con-full e-flex e-con e-child\" data-id=\"cced035\" data-element_type=\"container\" data-e-type=\"container\" data-settings=\"{&quot;background_background&quot;:&quot;classic&quot;}\">\n\t\t\t\t<div class=\"elementor-element elementor-element-e4b1d93 elementor-align-center elementor-widget elementor-widget-button\" data-id=\"e4b1d93\" data-element_type=\"widget\" data-e-type=\"widget\" data-widget_type=\"button.default\">\n\t\t\t\t<div class=\"elementor-widget-container\">\n\t\t\t\t\t\t\t\t\t<div class=\"elementor-button-wrapper\">\n\t\t\t\t\t<a class=\"elementor-button elementor-button-link elementor-size-sm\" href=\"https:\/\/yellowcabtttours.pt\/arrabida-land-rover-panoramic-tour\/\">\n\t\t\t\t\t\t<span class=\"elementor-button-content-wrapper\">\n\t\t\t\t\t\t\t\t\t<span class=\"elementor-button-text\">More Informations<\/span>\n\t\t\t\t\t<\/span>\n\t\t\t\t\t<\/a>\n\t\t\t\t<\/div>\n\t\t\t\t\t\t\t\t<\/div>\n\t\t\t\t<\/div>\n\t\t\t\t<\/div>\n\t\t\t\t<\/div>\n\t\t<div class=\"elementor-element elementor-element-528e02f e-con-full scale e-flex e-con e-child\" data-id=\"528e02f\" data-element_type=\"container\" data-e-type=\"container\" data-settings=\"{&quot;background_background&quot;:&quot;classic&quot;}\">\n\t\t\t\t<div class=\"elementor-element elementor-element-200ad72 elementor-widget elementor-widget-heading\" data-id=\"200ad72\" data-element_type=\"widget\" data-e-type=\"widget\" data-widget_type=\"heading.default\">\n\t\t\t\t<div class=\"elementor-widget-container\">\n\t\t\t\t\t<h2 class=\"elementor-heading-title elementor-size-default\">\u00c9vora Cork &amp; Wine Tasting<\/h2>\t\t\t\t<\/div>\n\t\t\t\t<\/div>\n\t\t\t\t<div class=\"elementor-element elementor-element-8fd2c9f elementor-widget elementor-widget-image\" data-id=\"8fd2c9f\" data-element_type=\"widget\" data-e-type=\"widget\" data-widget_type=\"image.default\">\n\t\t\t\t<div class=\"elementor-widget-container\">\n\t\t\t\t\t\t\t\t\t\t\t\t\t\t\t\t<a href=\"https:\/\/yellowcabtttours.pt\/pt\/?page_id=248105\">\n\t\t\t\t\t\t\t<img decoding=\"async\" width=\"800\" height=\"600\" src=\"https:\/\/yellowcabtttours.pt\/wp-content\/uploads\/Untitled-800-x-600-px-3.webp\" class=\"attachment-full size-full wp-image-257329\" alt=\"Wine Tours\" srcset=\"https:\/\/yellowcabtttours.pt\/wp-content\/uploads\/Untitled-800-x-600-px-3.webp 800w, https:\/\/yellowcabtttours.pt\/wp-content\/uploads\/Untitled-800-x-600-px-3-600x450.webp 600w, https:\/\/yellowcabtttours.pt\/wp-content\/uploads\/Untitled-800-x-600-px-3-300x225.webp 300w, https:\/\/yellowcabtttours.pt\/wp-content\/uploads\/Untitled-800-x-600-px-3-768x576.webp 768w\" sizes=\"(max-width: 800px) 100vw, 800px\" \/>\t\t\t\t\t\t\t\t<\/a>\n\t\t\t\t\t\t\t\t\t\t\t\t\t\t\t<\/div>\n\t\t\t\t<\/div>\n\t\t<div class=\"elementor-element elementor-element-dd0fa4e e-con-full e-flex e-con e-child\" data-id=\"dd0fa4e\" data-element_type=\"container\" data-e-type=\"container\" data-settings=\"{&quot;background_background&quot;:&quot;classic&quot;}\">\n\t\t\t\t<div class=\"elementor-element elementor-element-a96aa9f elementor-align-center elementor-widget elementor-widget-button\" data-id=\"a96aa9f\" data-element_type=\"widget\" data-e-type=\"widget\" data-widget_type=\"button.default\">\n\t\t\t\t<div class=\"elementor-widget-container\">\n\t\t\t\t\t\t\t\t\t<div class=\"elementor-button-wrapper\">\n\t\t\t\t\t<a class=\"elementor-button elementor-button-link elementor-size-sm\" href=\"https:\/\/yellowcabtttours.pt\/evora-wine-tour\/\">\n\t\t\t\t\t\t<span class=\"elementor-button-content-wrapper\">\n\t\t\t\t\t\t\t\t\t<span class=\"elementor-button-text\">More Informations<\/span>\n\t\t\t\t\t<\/span>\n\t\t\t\t\t<\/a>\n\t\t\t\t<\/div>\n\t\t\t\t\t\t\t\t<\/div>\n\t\t\t\t<\/div>\n\t\t\t\t<\/div>\n\t\t\t\t<\/div>\n\t\t<div class=\"elementor-element elementor-element-08ace0f e-con-full scale e-flex e-con e-child\" data-id=\"08ace0f\" data-element_type=\"container\" data-e-type=\"container\" data-settings=\"{&quot;background_background&quot;:&quot;classic&quot;}\">\n\t\t\t\t<div class=\"elementor-element elementor-element-83ca044 elementor-widget elementor-widget-heading\" data-id=\"83ca044\" data-element_type=\"widget\" data-e-type=\"widget\" data-widget_type=\"heading.default\">\n\t\t\t\t<div class=\"elementor-widget-container\">\n\t\t\t\t\t<h2 class=\"elementor-heading-title elementor-size-default\">Sintra Wine<br>\nPhoto Panoramic<\/h2>\t\t\t\t<\/div>\n\t\t\t\t<\/div>\n\t\t\t\t<div class=\"elementor-element elementor-element-b12b207 elementor-widget elementor-widget-image\" data-id=\"b12b207\" data-element_type=\"widget\" data-e-type=\"widget\" data-widget_type=\"image.default\">\n\t\t\t\t<div class=\"elementor-widget-container\">\n\t\t\t\t\t\t\t\t\t\t\t\t\t\t\t\t<a href=\"https:\/\/yellowcabtttours.pt\/sintra-land-rover-panoramic-tour\/\">\n\t\t\t\t\t\t\t<img loading=\"lazy\" decoding=\"async\" width=\"800\" height=\"600\" src=\"https:\/\/yellowcabtttours.pt\/wp-content\/uploads\/Untitled-800-x-600-px-1.webp\" class=\"attachment-full size-full wp-image-257327\" alt=\"Wine Tours\" srcset=\"https:\/\/yellowcabtttours.pt\/wp-content\/uploads\/Untitled-800-x-600-px-1.webp 800w, https:\/\/yellowcabtttours.pt\/wp-content\/uploads\/Untitled-800-x-600-px-1-600x450.webp 600w, https:\/\/yellowcabtttours.pt\/wp-content\/uploads\/Untitled-800-x-600-px-1-300x225.webp 300w, https:\/\/yellowcabtttours.pt\/wp-content\/uploads\/Untitled-800-x-600-px-1-768x576.webp 768w\" sizes=\"(max-width: 800px) 100vw, 800px\" \/>\t\t\t\t\t\t\t\t<\/a>\n\t\t\t\t\t\t\t\t\t\t\t\t\t\t\t<\/div>\n\t\t\t\t<\/div>\n\t\t<div class=\"elementor-element elementor-element-71d35e8 e-con-full e-flex e-con e-child\" data-id=\"71d35e8\" data-element_type=\"container\" data-e-type=\"container\" data-settings=\"{&quot;background_background&quot;:&quot;classic&quot;}\">\n\t\t\t\t<div class=\"elementor-element elementor-element-6917b35 elementor-align-center elementor-widget elementor-widget-button\" data-id=\"6917b35\" data-element_type=\"widget\" data-e-type=\"widget\" data-widget_type=\"button.default\">\n\t\t\t\t<div class=\"elementor-widget-container\">\n\t\t\t\t\t\t\t\t\t<div class=\"elementor-button-wrapper\">\n\t\t\t\t\t<a class=\"elementor-button elementor-button-link elementor-size-sm\" href=\"https:\/\/yellowcabtttours.pt\/sintra-land-rover-panoramic-tour\/\">\n\t\t\t\t\t\t<span class=\"elementor-button-content-wrapper\">\n\t\t\t\t\t\t\t\t\t<span class=\"elementor-button-text\">More Informations<\/span>\n\t\t\t\t\t<\/span>\n\t\t\t\t\t<\/a>\n\t\t\t\t<\/div>\n\t\t\t\t\t\t\t\t<\/div>\n\t\t\t\t<\/div>\n\t\t\t\t<\/div>\n\t\t\t\t<\/div>\n\t\t\t\t<\/div>\n\t\t\t\t<\/div>\n\t\t\t\t<\/div>\n\t\t","protected":false},"excerpt":{"rendered":"<p>This initiative, which combines networking with immersive experiences, aims to highlight Portugal\u2019s potential as a top wine tourism destination. The inaugural edition took place in Alentejo, a region with a strong winemaking tradition, while the upcoming edition is scheduled for Lisbon from November 10 to 15. The focus will be not only on the diversity [&hellip;]<\/p>\n","protected":false},"author":5,"featured_media":261537,"comment_status":"open","ping_status":"closed","sticky":false,"template":"","format":"standard","meta":{"footnotes":""},"categories":[52],"tags":[60],"class_list":["post-261532","post","type-post","status-publish","format-standard","has-post-thumbnail","hentry","category-blog","tag-artigo"],"yoast_head":"<!-- This site is optimized with the Yoast SEO plugin v27.5 - https:\/\/yoast.com\/product\/yoast-seo-wordpress\/ -->\n<title>2nd Edition of Wine Destination Portugal<\/title>\n<meta name=\"description\" content=\"Wine Destination Portugal will take place in Lisbon from November 10 to 15, focusing on promoting Portugal as a top wine tourism destination.\" \/>\n<meta name=\"robots\" content=\"index, follow, max-snippet:-1, max-image-preview:large, max-video-preview:-1\" \/>\n<link rel=\"canonical\" href=\"https:\/\/yellowcabtttours.pt\/pt\/2nd-edition-of-wine-destination-portugal-to-take-place-in-lisbon-from-november-10-to-15\/\" \/>\n<meta property=\"og:locale\" content=\"pt_PT\" \/>\n<meta property=\"og:type\" content=\"article\" \/>\n<meta property=\"og:title\" content=\"2nd Edition of Wine Destination Portugal\" \/>\n<meta property=\"og:description\" content=\"Wine Destination Portugal will take place in Lisbon from November 10 to 15, focusing on promoting Portugal as a top wine tourism destination.\" \/>\n<meta property=\"og:url\" content=\"https:\/\/yellowcabtttours.pt\/pt\/2nd-edition-of-wine-destination-portugal-to-take-place-in-lisbon-from-november-10-to-15\/\" \/>\n<meta property=\"og:site_name\" content=\"Yellow Cab TT Tours\" \/>\n<meta property=\"article:publisher\" content=\"https:\/\/www.facebook.com\/yellowcabtttours\/\" \/>\n<meta property=\"article:published_time\" content=\"2025-07-31T08:39:04+00:00\" \/>\n<meta property=\"article:modified_time\" content=\"2025-08-14T15:13:33+00:00\" \/>\n<meta property=\"og:image\" content=\"https:\/\/yellowcabtttours.pt\/wp-content\/uploads\/wine2.webp\" \/>\n\t<meta property=\"og:image:width\" content=\"722\" \/>\n\t<meta property=\"og:image:height\" content=\"1200\" \/>\n\t<meta property=\"og:image:type\" content=\"image\/jpeg\" \/>\n<meta name=\"author\" content=\"jo\u00e3o oliveira\" \/>\n<meta name=\"twitter:card\" content=\"summary_large_image\" \/>\n<meta name=\"twitter:label1\" content=\"Written by\" \/>\n\t<meta name=\"twitter:data1\" content=\"jo\u00e3o oliveira\" \/>\n\t<meta name=\"twitter:label2\" content=\"Est. reading time\" \/>\n\t<meta name=\"twitter:data2\" content=\"2 minutos\" \/>\n<script type=\"application\/ld+json\" class=\"yoast-schema-graph\">{\"@context\":\"https:\\\/\\\/schema.org\",\"@graph\":[{\"@type\":\"Article\",\"@id\":\"https:\\\/\\\/yellowcabtttours.pt\\\/2nd-edition-of-wine-destination-portugal-to-take-place-in-lisbon-from-november-10-to-15\\\/#article\",\"isPartOf\":{\"@id\":\"https:\\\/\\\/yellowcabtttours.pt\\\/2nd-edition-of-wine-destination-portugal-to-take-place-in-lisbon-from-november-10-to-15\\\/\"},\"author\":{\"name\":\"jo\u00e3o oliveira\",\"@id\":\"https:\\\/\\\/yellowcabtttours.pt\\\/#\\\/schema\\\/person\\\/7ec0eefe27c7db34298eb922ce65ed49\"},\"headline\":\"2nd Edition of Wine Destination Portugal to Take Place in Lisbon from November 10 to 15\",\"datePublished\":\"2025-07-31T08:39:04+00:00\",\"dateModified\":\"2025-08-14T15:13:33+00:00\",\"mainEntityOfPage\":{\"@id\":\"https:\\\/\\\/yellowcabtttours.pt\\\/2nd-edition-of-wine-destination-portugal-to-take-place-in-lisbon-from-november-10-to-15\\\/\"},\"wordCount\":279,\"commentCount\":0,\"publisher\":{\"@id\":\"https:\\\/\\\/yellowcabtttours.pt\\\/#organization\"},\"image\":{\"@id\":\"https:\\\/\\\/yellowcabtttours.pt\\\/2nd-edition-of-wine-destination-portugal-to-take-place-in-lisbon-from-november-10-to-15\\\/#primaryimage\"},\"thumbnailUrl\":\"https:\\\/\\\/yellowcabtttours.pt\\\/wp-content\\\/uploads\\\/wine2.webp\",\"keywords\":[\"Artigo\"],\"articleSection\":[\"Blog\"],\"inLanguage\":\"pt-PT\",\"potentialAction\":[{\"@type\":\"CommentAction\",\"name\":\"Comment\",\"target\":[\"https:\\\/\\\/yellowcabtttours.pt\\\/2nd-edition-of-wine-destination-portugal-to-take-place-in-lisbon-from-november-10-to-15\\\/#respond\"]}]},{\"@type\":\"WebPage\",\"@id\":\"https:\\\/\\\/yellowcabtttours.pt\\\/2nd-edition-of-wine-destination-portugal-to-take-place-in-lisbon-from-november-10-to-15\\\/\",\"url\":\"https:\\\/\\\/yellowcabtttours.pt\\\/2nd-edition-of-wine-destination-portugal-to-take-place-in-lisbon-from-november-10-to-15\\\/\",\"name\":\"2nd Edition of Wine Destination Portugal\",\"isPartOf\":{\"@id\":\"https:\\\/\\\/yellowcabtttours.pt\\\/#website\"},\"primaryImageOfPage\":{\"@id\":\"https:\\\/\\\/yellowcabtttours.pt\\\/2nd-edition-of-wine-destination-portugal-to-take-place-in-lisbon-from-november-10-to-15\\\/#primaryimage\"},\"image\":{\"@id\":\"https:\\\/\\\/yellowcabtttours.pt\\\/2nd-edition-of-wine-destination-portugal-to-take-place-in-lisbon-from-november-10-to-15\\\/#primaryimage\"},\"thumbnailUrl\":\"https:\\\/\\\/yellowcabtttours.pt\\\/wp-content\\\/uploads\\\/wine2.webp\",\"datePublished\":\"2025-07-31T08:39:04+00:00\",\"dateModified\":\"2025-08-14T15:13:33+00:00\",\"description\":\"Wine Destination Portugal will take place in Lisbon from November 10 to 15, focusing on promoting Portugal as a top wine tourism destination.\",\"breadcrumb\":{\"@id\":\"https:\\\/\\\/yellowcabtttours.pt\\\/2nd-edition-of-wine-destination-portugal-to-take-place-in-lisbon-from-november-10-to-15\\\/#breadcrumb\"},\"inLanguage\":\"pt-PT\",\"potentialAction\":[{\"@type\":\"ReadAction\",\"target\":[\"https:\\\/\\\/yellowcabtttours.pt\\\/2nd-edition-of-wine-destination-portugal-to-take-place-in-lisbon-from-november-10-to-15\\\/\"]}]},{\"@type\":\"ImageObject\",\"inLanguage\":\"pt-PT\",\"@id\":\"https:\\\/\\\/yellowcabtttours.pt\\\/2nd-edition-of-wine-destination-portugal-to-take-place-in-lisbon-from-november-10-to-15\\\/#primaryimage\",\"url\":\"https:\\\/\\\/yellowcabtttours.pt\\\/wp-content\\\/uploads\\\/wine2.webp\",\"contentUrl\":\"https:\\\/\\\/yellowcabtttours.pt\\\/wp-content\\\/uploads\\\/wine2.webp\",\"width\":722,\"height\":1200,\"caption\":\"Wine Tours\"},{\"@type\":\"BreadcrumbList\",\"@id\":\"https:\\\/\\\/yellowcabtttours.pt\\\/2nd-edition-of-wine-destination-portugal-to-take-place-in-lisbon-from-november-10-to-15\\\/#breadcrumb\",\"itemListElement\":[{\"@type\":\"ListItem\",\"position\":1,\"name\":\"Home\",\"item\":\"https:\\\/\\\/yellowcabtttours.pt\\\/\"},{\"@type\":\"ListItem\",\"position\":2,\"name\":\"2nd Edition of Wine Destination Portugal to Take Place in Lisbon from November 10 to 15\"}]},{\"@type\":\"WebSite\",\"@id\":\"https:\\\/\\\/yellowcabtttours.pt\\\/#website\",\"url\":\"https:\\\/\\\/yellowcabtttours.pt\\\/\",\"name\":\"Yellow Cab TT Tours\",\"description\":\"Portugal is the ultimate destination for travelers seeking history, culture, gastronomy, wine, and unique local experiences. Whether you&#039;re exploring the vibrant streets of Lisbon or uncovering hidden gems across the country, Portugal offers unforgettable memories. Our tours provide a perfect blend of cultural immersion, scenic beauty, and authentic Portuguese traditions. Year after year, Portugal has been recognized as Europe\u2019s top tourist destination, and we&#039;re here to help you experience it all. Join us for a guided tour of Lisbon and beyond, and let us show you why Portugal is the perfect vacation spot.\",\"publisher\":{\"@id\":\"https:\\\/\\\/yellowcabtttours.pt\\\/#organization\"},\"alternateName\":\"Yellow Cab TT Tours\",\"potentialAction\":[{\"@type\":\"SearchAction\",\"target\":{\"@type\":\"EntryPoint\",\"urlTemplate\":\"https:\\\/\\\/yellowcabtttours.pt\\\/?s={search_term_string}\"},\"query-input\":{\"@type\":\"PropertyValueSpecification\",\"valueRequired\":true,\"valueName\":\"search_term_string\"}}],\"inLanguage\":\"pt-PT\"},{\"@type\":\"Organization\",\"@id\":\"https:\\\/\\\/yellowcabtttours.pt\\\/#organization\",\"name\":\"Yellow Cab TT Tours\",\"alternateName\":\"Yellow Cab TT Tours\",\"url\":\"https:\\\/\\\/yellowcabtttours.pt\\\/\",\"logo\":{\"@type\":\"ImageObject\",\"inLanguage\":\"pt-PT\",\"@id\":\"https:\\\/\\\/yellowcabtttours.pt\\\/#\\\/schema\\\/logo\\\/image\\\/\",\"url\":\"https:\\\/\\\/yellowcabtttours.pt\\\/wp-content\\\/uploads\\\/square-logo2png-png.webp\",\"contentUrl\":\"https:\\\/\\\/yellowcabtttours.pt\\\/wp-content\\\/uploads\\\/square-logo2png-png.webp\",\"width\":512,\"height\":512,\"caption\":\"Yellow Cab TT Tours\"},\"image\":{\"@id\":\"https:\\\/\\\/yellowcabtttours.pt\\\/#\\\/schema\\\/logo\\\/image\\\/\"},\"sameAs\":[\"https:\\\/\\\/www.facebook.com\\\/yellowcabtttours\\\/\",\"https:\\\/\\\/www.linkedin.com\\\/company\\\/yellowcabtttours\",\"https:\\\/\\\/www.instagram.com\\\/yellowcabtttours.pt\\\/\",\"https:\\\/\\\/www.tripadvisor.co.uk\\\/Attraction_Review-g189158-d5017473-Reviews-Yellow_Cab_TT_Tours-Lisbon_Lisbon_District_Central_Portugal.html\",\"https:\\\/\\\/wa.me\\\/351965856169\"]},{\"@type\":\"Person\",\"@id\":\"https:\\\/\\\/yellowcabtttours.pt\\\/#\\\/schema\\\/person\\\/7ec0eefe27c7db34298eb922ce65ed49\",\"name\":\"jo\u00e3o oliveira\",\"url\":\"https:\\\/\\\/yellowcabtttours.pt\\\/pt\\\/author\\\/joao\\\/\"}]}<\/script>\n<!-- \/ Yoast SEO plugin. -->","yoast_head_json":{"title":"2nd Edition of Wine Destination Portugal","description":"Wine Destination Portugal will take place in Lisbon from November 10 to 15, focusing on promoting Portugal as a top wine tourism destination.","robots":{"index":"index","follow":"follow","max-snippet":"max-snippet:-1","max-image-preview":"max-image-preview:large","max-video-preview":"max-video-preview:-1"},"canonical":"https:\/\/yellowcabtttours.pt\/pt\/2nd-edition-of-wine-destination-portugal-to-take-place-in-lisbon-from-november-10-to-15\/","og_locale":"pt_PT","og_type":"article","og_title":"2nd Edition of Wine Destination Portugal","og_description":"Wine Destination Portugal will take place in Lisbon from November 10 to 15, focusing on promoting Portugal as a top wine tourism destination.","og_url":"https:\/\/yellowcabtttours.pt\/pt\/2nd-edition-of-wine-destination-portugal-to-take-place-in-lisbon-from-november-10-to-15\/","og_site_name":"Yellow Cab TT Tours","article_publisher":"https:\/\/www.facebook.com\/yellowcabtttours\/","article_published_time":"2025-07-31T08:39:04+00:00","article_modified_time":"2025-08-14T15:13:33+00:00","og_image":[{"width":722,"height":1200,"url":"https:\/\/yellowcabtttours.pt\/wp-content\/uploads\/wine2.webp","type":"image\/jpeg"}],"author":"jo\u00e3o oliveira","twitter_card":"summary_large_image","twitter_misc":{"Written by":"jo\u00e3o oliveira","Est. reading time":"2 minutos"},"schema":{"@context":"https:\/\/schema.org","@graph":[{"@type":"Article","@id":"https:\/\/yellowcabtttours.pt\/2nd-edition-of-wine-destination-portugal-to-take-place-in-lisbon-from-november-10-to-15\/#article","isPartOf":{"@id":"https:\/\/yellowcabtttours.pt\/2nd-edition-of-wine-destination-portugal-to-take-place-in-lisbon-from-november-10-to-15\/"},"author":{"name":"jo\u00e3o oliveira","@id":"https:\/\/yellowcabtttours.pt\/#\/schema\/person\/7ec0eefe27c7db34298eb922ce65ed49"},"headline":"2nd Edition of Wine Destination Portugal to Take Place in Lisbon from November 10 to 15","datePublished":"2025-07-31T08:39:04+00:00","dateModified":"2025-08-14T15:13:33+00:00","mainEntityOfPage":{"@id":"https:\/\/yellowcabtttours.pt\/2nd-edition-of-wine-destination-portugal-to-take-place-in-lisbon-from-november-10-to-15\/"},"wordCount":279,"commentCount":0,"publisher":{"@id":"https:\/\/yellowcabtttours.pt\/#organization"},"image":{"@id":"https:\/\/yellowcabtttours.pt\/2nd-edition-of-wine-destination-portugal-to-take-place-in-lisbon-from-november-10-to-15\/#primaryimage"},"thumbnailUrl":"https:\/\/yellowcabtttours.pt\/wp-content\/uploads\/wine2.webp","keywords":["Artigo"],"articleSection":["Blog"],"inLanguage":"pt-PT","potentialAction":[{"@type":"CommentAction","name":"Comment","target":["https:\/\/yellowcabtttours.pt\/2nd-edition-of-wine-destination-portugal-to-take-place-in-lisbon-from-november-10-to-15\/#respond"]}]},{"@type":"WebPage","@id":"https:\/\/yellowcabtttours.pt\/2nd-edition-of-wine-destination-portugal-to-take-place-in-lisbon-from-november-10-to-15\/","url":"https:\/\/yellowcabtttours.pt\/2nd-edition-of-wine-destination-portugal-to-take-place-in-lisbon-from-november-10-to-15\/","name":"2nd Edition of Wine Destination Portugal","isPartOf":{"@id":"https:\/\/yellowcabtttours.pt\/#website"},"primaryImageOfPage":{"@id":"https:\/\/yellowcabtttours.pt\/2nd-edition-of-wine-destination-portugal-to-take-place-in-lisbon-from-november-10-to-15\/#primaryimage"},"image":{"@id":"https:\/\/yellowcabtttours.pt\/2nd-edition-of-wine-destination-portugal-to-take-place-in-lisbon-from-november-10-to-15\/#primaryimage"},"thumbnailUrl":"https:\/\/yellowcabtttours.pt\/wp-content\/uploads\/wine2.webp","datePublished":"2025-07-31T08:39:04+00:00","dateModified":"2025-08-14T15:13:33+00:00","description":"Wine Destination Portugal will take place in Lisbon from November 10 to 15, focusing on promoting Portugal as a top wine tourism destination.","breadcrumb":{"@id":"https:\/\/yellowcabtttours.pt\/2nd-edition-of-wine-destination-portugal-to-take-place-in-lisbon-from-november-10-to-15\/#breadcrumb"},"inLanguage":"pt-PT","potentialAction":[{"@type":"ReadAction","target":["https:\/\/yellowcabtttours.pt\/2nd-edition-of-wine-destination-portugal-to-take-place-in-lisbon-from-november-10-to-15\/"]}]},{"@type":"ImageObject","inLanguage":"pt-PT","@id":"https:\/\/yellowcabtttours.pt\/2nd-edition-of-wine-destination-portugal-to-take-place-in-lisbon-from-november-10-to-15\/#primaryimage","url":"https:\/\/yellowcabtttours.pt\/wp-content\/uploads\/wine2.webp","contentUrl":"https:\/\/yellowcabtttours.pt\/wp-content\/uploads\/wine2.webp","width":722,"height":1200,"caption":"Wine Tours"},{"@type":"BreadcrumbList","@id":"https:\/\/yellowcabtttours.pt\/2nd-edition-of-wine-destination-portugal-to-take-place-in-lisbon-from-november-10-to-15\/#breadcrumb","itemListElement":[{"@type":"ListItem","position":1,"name":"Home","item":"https:\/\/yellowcabtttours.pt\/"},{"@type":"ListItem","position":2,"name":"2nd Edition of Wine Destination Portugal to Take Place in Lisbon from November 10 to 15"}]},{"@type":"WebSite","@id":"https:\/\/yellowcabtttours.pt\/#website","url":"https:\/\/yellowcabtttours.pt\/","name":"Yellow Cab TT Tours","description":"Portugal \u00e9 o destino final para viajantes que procuram hist\u00f3ria, cultura, gastronomia, vinho e experi\u00eancias locais \u00fanicas. Quer esteja a explorar as ruas vibrantes de Lisboa ou a descobrir joias escondidas por todo o pa\u00eds, Portugal oferece mem\u00f3rias inesquec\u00edveis. As nossas excurs\u00f5es proporcionam uma combina\u00e7\u00e3o perfeita de imers\u00e3o cultural, beleza c\u00e9nica e aut\u00eanticas tradi\u00e7\u00f5es portuguesas. Ano ap\u00f3s ano, Portugal tem sido reconhecido como o principal destino tur\u00edstico da Europa, e estamos aqui para o ajudar a vivenciar tudo isto. Junte-se a n\u00f3s para uma visita guiada a Lisboa e arredores, e deixe-nos mostrar-lhe porque \u00e9 que Portugal \u00e9 o local de f\u00e9rias perfeito.","publisher":{"@id":"https:\/\/yellowcabtttours.pt\/#organization"},"alternateName":"Yellow Cab TT Tours","potentialAction":[{"@type":"SearchAction","target":{"@type":"EntryPoint","urlTemplate":"https:\/\/yellowcabtttours.pt\/?s={search_term_string}"},"query-input":{"@type":"PropertyValueSpecification","valueRequired":true,"valueName":"search_term_string"}}],"inLanguage":"pt-PT"},{"@type":"Organization","@id":"https:\/\/yellowcabtttours.pt\/#organization","name":"Yellow Cab TT Tours","alternateName":"Yellow Cab TT Tours","url":"https:\/\/yellowcabtttours.pt\/","logo":{"@type":"ImageObject","inLanguage":"pt-PT","@id":"https:\/\/yellowcabtttours.pt\/#\/schema\/logo\/image\/","url":"https:\/\/yellowcabtttours.pt\/wp-content\/uploads\/square-logo2png-png.webp","contentUrl":"https:\/\/yellowcabtttours.pt\/wp-content\/uploads\/square-logo2png-png.webp","width":512,"height":512,"caption":"Yellow Cab TT Tours"},"image":{"@id":"https:\/\/yellowcabtttours.pt\/#\/schema\/logo\/image\/"},"sameAs":["https:\/\/www.facebook.com\/yellowcabtttours\/","https:\/\/www.linkedin.com\/company\/yellowcabtttours","https:\/\/www.instagram.com\/yellowcabtttours.pt\/","https:\/\/www.tripadvisor.co.uk\/Attraction_Review-g189158-d5017473-Reviews-Yellow_Cab_TT_Tours-Lisbon_Lisbon_District_Central_Portugal.html","https:\/\/wa.me\/351965856169"]},{"@type":"Person","@id":"https:\/\/yellowcabtttours.pt\/#\/schema\/person\/7ec0eefe27c7db34298eb922ce65ed49","name":"jo\u00e3o oliveira","url":"https:\/\/yellowcabtttours.pt\/pt\/author\/joao\/"}]}},"_links":{"self":[{"href":"https:\/\/yellowcabtttours.pt\/pt\/wp-json\/wp\/v2\/posts\/261532","targetHints":{"allow":["GET"]}}],"collection":[{"href":"https:\/\/yellowcabtttours.pt\/pt\/wp-json\/wp\/v2\/posts"}],"about":[{"href":"https:\/\/yellowcabtttours.pt\/pt\/wp-json\/wp\/v2\/types\/post"}],"author":[{"embeddable":true,"href":"https:\/\/yellowcabtttours.pt\/pt\/wp-json\/wp\/v2\/users\/5"}],"replies":[{"embeddable":true,"href":"https:\/\/yellowcabtttours.pt\/pt\/wp-json\/wp\/v2\/comments?post=261532"}],"version-history":[{"count":0,"href":"https:\/\/yellowcabtttours.pt\/pt\/wp-json\/wp\/v2\/posts\/261532\/revisions"}],"wp:featuredmedia":[{"embeddable":true,"href":"https:\/\/yellowcabtttours.pt\/pt\/wp-json\/wp\/v2\/media\/261537"}],"wp:attachment":[{"href":"https:\/\/yellowcabtttours.pt\/pt\/wp-json\/wp\/v2\/media?parent=261532"}],"wp:term":[{"taxonomy":"category","embeddable":true,"href":"https:\/\/yellowcabtttours.pt\/pt\/wp-json\/wp\/v2\/categories?post=261532"},{"taxonomy":"post_tag","embeddable":true,"href":"https:\/\/yellowcabtttours.pt\/pt\/wp-json\/wp\/v2\/tags?post=261532"}],"curies":[{"name":"wp","href":"https:\/\/api.w.org\/{rel}","templated":true}]}}